{"id":442,"date":"2023-05-10T09:00:00","date_gmt":"2023-05-10T09:00:00","guid":{"rendered":"https:\/\/grupomutuo.com.br\/blog\/?p=442"},"modified":"2023-05-05T16:46:35","modified_gmt":"2023-05-05T16:46:35","slug":"conheca-mais-sobre-a-campanha-maio-amarelo","status":"publish","type":"post","link":"https:\/\/grupomutuo.com.br\/blog\/conheca-mais-sobre-a-campanha-maio-amarelo\/","title":{"rendered":"Conhe\u00e7a mais sobre a Campanha Maio Amarelo"},"content":{"rendered":"<div class=\"wp-block-post-excerpt\"><p class=\"wp-block-post-excerpt__excerpt\"><em>A Campanha Maio Amarelo \u00e9 um movimento internacional que tem como objetivo alertar a sociedade sobre os altos \u00edndices de acidentes de tr\u00e2nsito em todo o mundo. O tema deste ano \u00e9 &#8220;No tr\u00e2nsito, escolha a vida&#8221;.<\/em> <\/p><\/div>\n\n<div class=\"wp-block-post-author\"><div class=\"wp-block-post-author__avatar\"><img alt='' src='https:\/\/secure.gravatar.com\/avatar\/a41eb1f03200da29e6508096b8516ed0?s=48&#038;d=mm&#038;r=g' srcset='https:\/\/secure.gravatar.com\/avatar\/a41eb1f03200da29e6508096b8516ed0?s=96&#038;d=mm&#038;r=g 2x' class='avatar avatar-48 photo' height='48' width='48' loading='lazy' decoding='async'\/><\/div><div class=\"wp-block-post-author__content\"><p class=\"wp-block-post-author__byline\">Davi Sena<\/p><p class=\"wp-block-post-author__name\">M\u00fatuo<\/p><\/div><\/div>\n\n\n<p>O Maio Amarelo \u00e9 um movimento internacional que tem como objetivo alertar a sociedade sobre os altos \u00edndices de acidentes de tr\u00e2nsito em todo o mundo. A campanha foi criada em 2014 pelo Observat\u00f3rio Nacional de Seguran\u00e7a Vi\u00e1ria, e desde ent\u00e3o tem sido realizada todos os anos no m\u00eas de maio.<\/p>\n\n\n\n<p>Neste ano, a campanha tem como tema &#8220;No tr\u00e2nsito, escolha a vida&#8221;. O objetivo \u00e9 conscientizar os motoristas sobre a import\u00e2ncia de adotar comportamentos seguros ao volante, respeitando as leis de tr\u00e2nsito e tomando precau\u00e7\u00f5es para evitar acidentes.<\/p>\n\n\n\n<p>Durante todo o m\u00eas de maio, ser\u00e3o realizadas diversas a\u00e7\u00f5es em todo o pa\u00eds para conscientizar os motoristas sobre a import\u00e2ncia da seguran\u00e7a no tr\u00e2nsito. Entre as atividades previstas est\u00e3o palestras, panfletagens, blitzes educativas e campanhas nas redes sociais.<\/p>\n\n\n\n<p>Uma das principais iniciativas da campanha \u00e9 a utiliza\u00e7\u00e3o da cor amarela em monumentos, pr\u00e9dios p\u00fablicos e ve\u00edculos para chamar a aten\u00e7\u00e3o da popula\u00e7\u00e3o para a causa. Em todo o pa\u00eds, diversos pontos tur\u00edsticos e pr\u00e9dios p\u00fablicos ser\u00e3o iluminados com a cor amarela durante todo o m\u00eas de maio.<\/p>\n\n\n\n<p>Al\u00e9m disso, a campanha Maio Amarelo tamb\u00e9m promove a educa\u00e7\u00e3o no tr\u00e2nsito, incentivando as pessoas a adotar comportamentos mais seguros ao volante. Entre as recomenda\u00e7\u00f5es est\u00e3o o uso do cinto de seguran\u00e7a, o respeito aos limites de velocidade, a n\u00e3o utiliza\u00e7\u00e3o de celular enquanto se dirige e a n\u00e3o mistura de \u00e1lcool e dire\u00e7\u00e3o.<\/p>\n\n\n\n<p>\u00c9 importante lembrar que a seguran\u00e7a no tr\u00e2nsito \u00e9 uma responsabilidade de todos. Ao adotar comportamentos seguros e conscientes, cada um de n\u00f3s pode contribuir para a redu\u00e7\u00e3o dos acidentes de tr\u00e2nsito em todo o pa\u00eds.<\/p>\n\n\n\n<p>Por isso, aproveite o m\u00eas de maio para se engajar na campanha Maio Amarelo, compartilhe informa\u00e7\u00f5es sobre a seguran\u00e7a no tr\u00e2nsito com seus amigos e familiares, e ajude a conscientizar a sociedade sobre a import\u00e2ncia de adotar comportamentos mais seguros no tr\u00e2nsito. Juntos, podemos salvar vidas e tornar o tr\u00e2nsito um lugar mais seguro para todos!<\/p>\n\n\n\n<p>A M\u00fatuo Prote\u00e7\u00e3o Veicular apoia a campanha Maio Amarelo e acredita que a conscientiza\u00e7\u00e3o \u00e9 fundamental para reduzir os \u00edndices de acidentes de tr\u00e2nsito em nosso pa\u00eds. Como empresa respons\u00e1vel e comprometida com a seguran\u00e7a no tr\u00e2nsito, estamos sempre engajados em iniciativas que promovam a educa\u00e7\u00e3o e conscientiza\u00e7\u00e3o dos motoristas. Por isso, incentivamos todos os nossos associados a adotar comportamentos mais seguros no tr\u00e2nsito e a contribuir para tornar o tr\u00e2nsito um lugar mais seguro para todos. Junte-se a n\u00f3s nessa causa e fa\u00e7a a sua parte para salvar vidas no tr\u00e2nsito!<\/p>\n","protected":false},"excerpt":{"rendered":"<p><em>A Campanha Maio Amarelo \u00e9 um movimento internacional que tem como objetivo alertar a sociedade sobre os altos \u00edndices de acidentes de tr\u00e2nsito em todo o mundo. O tema deste ano \u00e9 &#8220;No tr\u00e2nsito, escolha a vida&#8221;.<\/em><\/p>\n","protected":false},"author":1,"featured_media":443,"comment_status":"open","ping_status":"open","sticky":false,"template":"","format":"standard","meta":{"_coblocks_attr":"","_coblocks_dimensions":"","_coblocks_responsive_height":"","_coblocks_accordion_ie_support":""},"categories":[8],"tags":[],"_links":{"self":[{"href":"https:\/\/grupomutuo.com.br\/blog\/wp-json\/wp\/v2\/posts\/442"}],"collection":[{"href":"https:\/\/grupomutuo.com.br\/blog\/wp-json\/wp\/v2\/posts"}],"about":[{"href":"https:\/\/grupomutuo.com.br\/blog\/wp-json\/wp\/v2\/types\/post"}],"author":[{"embeddable":true,"href":"https:\/\/grupomutuo.com.br\/blog\/wp-json\/wp\/v2\/users\/1"}],"replies":[{"embeddable":true,"href":"https:\/\/grupomutuo.com.br\/blog\/wp-json\/wp\/v2\/comments?post=442"}],"version-history":[{"count":1,"href":"https:\/\/grupomutuo.com.br\/blog\/wp-json\/wp\/v2\/posts\/442\/revisions"}],"predecessor-version":[{"id":444,"href":"https:\/\/grupomutuo.com.br\/blog\/wp-json\/wp\/v2\/posts\/442\/revisions\/444"}],"wp:featuredmedia":[{"embeddable":true,"href":"https:\/\/grupomutuo.com.br\/blog\/wp-json\/wp\/v2\/media\/443"}],"wp:attachment":[{"href":"https:\/\/grupomutuo.com.br\/blog\/wp-json\/wp\/v2\/media?parent=442"}],"wp:term":[{"taxonomy":"category","embeddable":true,"href":"https:\/\/grupomutuo.com.br\/blog\/wp-json\/wp\/v2\/categories?post=442"},{"taxonomy":"post_tag","embeddable":true,"href":"https:\/\/grupomutuo.com.br\/blog\/wp-json\/wp\/v2\/tags?post=442"}],"curies":[{"name":"wp","href":"https:\/\/api.w.org\/{rel}","templated":true}]}}