{"id":289,"date":"2022-10-13T16:59:03","date_gmt":"2022-10-13T16:59:03","guid":{"rendered":"https:\/\/grupomutuo.com.br\/blog\/?p=289"},"modified":"2022-12-22T13:16:04","modified_gmt":"2022-12-22T13:16:04","slug":"associativismo-conheca-como-ele-funciona","status":"publish","type":"post","link":"https:\/\/grupomutuo.com.br\/blog\/associativismo-conheca-como-ele-funciona\/","title":{"rendered":"Associativismo, conhe\u00e7a como ele funciona"},"content":{"rendered":"<div class=\"wp-block-post-author\"><div class=\"wp-block-post-author__avatar\"><img alt='' src='https:\/\/secure.gravatar.com\/avatar\/a41eb1f03200da29e6508096b8516ed0?s=48&#038;d=mm&#038;r=g' srcset='https:\/\/secure.gravatar.com\/avatar\/a41eb1f03200da29e6508096b8516ed0?s=96&#038;d=mm&#038;r=g 2x' class='avatar avatar-48 photo' height='48' width='48' loading='lazy' decoding='async'\/><\/div><div class=\"wp-block-post-author__content\"><p class=\"wp-block-post-author__byline\">Pablo Zanca<\/p><p class=\"wp-block-post-author__name\">M\u00fatuo<\/p><\/div><\/div>\n\n<div class=\"wp-block-image is-style-default\">\n<figure class=\"aligncenter size-full\"><img decoding=\"async\" src=\"https:\/\/grupomutuo.com.br\/blog\/wp-content\/uploads\/2022\/10\/Projeto-de-associativismo-e-cooperativismo-desenvolve-negocios-na-bacia-do-rio-Doce.jpg\" alt=\"\" class=\"wp-image-291\"\/><\/figure><\/div>\n\n\n<p>Pensar coletivo \u00e9 sempre mais vantajoso. Um dos passos para transforma\u00e7\u00f5es concretas \u00e9 unir-se a pessoas com prop\u00f3sitos em comum e, assim, vencer os desafios que acabam por impactar a todos. E foi com esse pensamento que a M\u00fatuo surgiu.<\/p>\n\n\n\n<p>O associativismo envolve participa\u00e7\u00e3o, solidariedade, uni\u00e3o e coopera\u00e7\u00e3o por objetivos comuns. \u00c9 uma maneira de mobilizar indiv\u00edduos e acreditar que juntos \u00e9 poss\u00edvel criar prop\u00f3sitos e caminhos para os conflitos e problemas enfrentados pela sociedade.<\/p>\n\n\n\n<p>Em um contexto mais amplo, o associativismo \u00e9 ent\u00e3o a livre organiza\u00e7\u00e3o de pessoas que buscam sanar necessidades coletivas ou mesmo realizar objetivos e alcan\u00e7ar metas comuns a todos. E de forma mais espec\u00edfica, o associativismo diz respeito a uma pr\u00e1tica social de organizar associa\u00e7\u00f5es, que re\u00fanem pessoas f\u00edsicas ou jur\u00eddicas, que se representam mutuamente, diante dos interesses de todos os envolvidos.<\/p>\n\n\n\n<p>As associa\u00e7\u00f5es s\u00e3o organiza\u00e7\u00f5es que surgem baseado nesse conceito,  sem fim lucrativos com o objetivo de reunir as pessoas e entidades em busca dos mesmos interesses, portanto em termos pr\u00e1ticos a associa\u00e7\u00e3o \u00e9 a organiza\u00e7\u00e3o que representa e cria condi\u00e7\u00f5es paras as pessoas usufru\u00edrem de seus interesses em comum, assegurado por benef\u00edcios e condi\u00e7\u00f5es para todos os participantes da associa\u00e7\u00e3o, no caso da M\u00fatuo, n\u00f3s oferecemos benef\u00edcios para que os associados tenham condi\u00e7\u00f5es de protegerem seu ve\u00edculo como uma alternativa mais acess\u00edvel ao seguro convencional.<\/p>\n\n\n\n<h4 class=\"has-text-color\" style=\"color:#e16832\"><strong>Como evoluiu o associativismo<\/strong><\/h4>\n\n\n\n<p>O movimento associativista est\u00e1 diretamente relacionado \u00e0 liberdade. As ditaduras sempre impuseram restri\u00e7\u00f5es a forma\u00e7\u00e3o de associa\u00e7\u00f5es. Pode se dizer ent\u00e3o que o associativismo, ou seja, a liberdade de cria\u00e7\u00e3o de associa\u00e7\u00e3o \u00e9 uma consagra\u00e7\u00e3o das democracias. Nos \u00faltimos anos, a sociedade civil vem se fortalecendo e o associativismo contribui para muitos avan\u00e7os, o que \u00e9 muito importante para a consolida\u00e7\u00e3o da democracia de um pa\u00eds.<\/p>\n\n\n\n<p>Mas para entender um pouco mais sobre o associativismo, \u00e9 preciso ir l\u00e1 atr\u00e1s na hist\u00f3ria. Na pr\u00e9-hist\u00f3ria j\u00e1 haviam registros de associativismo, a exemplo da ca\u00e7a coletiva. H\u00e1 mais de 2,5 milh\u00f5es de anos, o homem j\u00e1 ca\u00e7ava de forma coletiva. A ca\u00e7a e coleta de alimentos silvestres era feita em grupos, como o mesmo objetivo \u2014 matar a fome \u2014 e diferentes fun\u00e7\u00f5es definidas especialmente por g\u00eanero.<\/p>\n\n\n\n<p>No s\u00e9culo XX, foram criadas as associa\u00e7\u00f5es e coletividades voltadas para a cultura, os clubes desportivos, a recrea\u00e7\u00e3o, o lazer e a sa\u00fade. Atualmente existem associa\u00e7\u00f5es de diversos segmentos e prop\u00f3sitos e a prote\u00e7\u00e3o veicular entra com for\u00e7a entre esses segmentos, justamente por se provar uma \u00f3tima e acess\u00edvel alternativa ao seguro automotivo convencional.<\/p>\n\n\n\n<h4 class=\"has-text-color\" style=\"color:#e16832\"><strong>Algumas atitudes s\u00e3o fundamentais para assegurar melhores condi\u00e7\u00f5es para os associado, como:<\/strong><\/h4>\n\n\n\n<ul><li>A participa\u00e7\u00e3o;<\/li><li>A solidariedade;<\/li><li>A coopera\u00e7\u00e3o em torno de objetivos comuns.<\/li><\/ul>\n\n\n\n<h4 class=\"has-text-color\" style=\"color:#e16832\"><strong>7 princ\u00edpios do associativismo<\/strong><\/h4>\n\n\n\n<ul><li>1\u00ba Princ\u00edpio: ades\u00e3o volunt\u00e1ria e livre;&nbsp;<\/li><li>2\u00ba Princ\u00edpio: gest\u00e3o democr\u00e1tica pelos s\u00f3cios;&nbsp;<\/li><li>3\u00ba Princ\u00edpio: participa\u00e7\u00e3o econ\u00f4mica dos s\u00f3cios;&nbsp;<\/li><li>4\u00ba Princ\u00edpio: autonomia e independ\u00eancia;&nbsp;<\/li><li>5\u00ba Princ\u00edpio: educa\u00e7\u00e3o, forma\u00e7\u00e3o e informa\u00e7\u00e3o;&nbsp;<\/li><li>6\u00ba Princ\u00edpio: coopera\u00e7\u00e3o entre associa\u00e7\u00f5es\/cooperativas;&nbsp;<\/li><li>7\u00ba Princ\u00edpio: interesse pela comunidade.<\/li><\/ul>\n\n\n\n<p>Sendo assim, uma associa\u00e7\u00e3o deve ser a primeira a estar presente em defesa dos seus associados, representando um instrumento que viabilize solu\u00e7\u00f5es eficazes.<\/p>\n\n\n\n<h4 class=\"has-text-color\" style=\"color:#e16832\"><strong>Benef\u00edcios dos associados <\/strong><\/h4>\n\n\n\n<ul><li>As decis\u00f5es s\u00e3o aprovadas pela coletividade, sem decis\u00e3o individualista;<\/li><li>Divulga\u00e7\u00e3o de informa\u00e7\u00f5es importantes se tornar mais f\u00e1cil para comunidade;<\/li><li>Uma das maiores vantagens \u00e9 a uni\u00e3o dos associados que se unem e passam a representar uma for\u00e7a transformadora na comunidade;<\/li><li>Os pr\u00f3prios associados criam as condi\u00e7\u00f5es para usufru\u00edrem dos benef\u00edcios com sua contribui\u00e7\u00e3o financeira;<\/li><li>As possibilidades de benef\u00edcios s\u00e3o muitas, redu\u00e7\u00e3o de custos operacionais, ir em busca de melhores condi\u00e7\u00f5es de pre\u00e7o e prazo no mercado em qualquer segmento.<\/li><\/ul>\n\n\n\n<p>Com o associativismo os grupos fica mais fortalecido no quesito representa\u00e7\u00e3o pol\u00edtica e consegue melhores pre\u00e7os junto aos seus fornecedores, entre outras e contribui para o desenvolvimento da sociedade, gerando emprego e renda. Ele movimenta a&nbsp;<strong>economia local<\/strong>, promovendo a capacita\u00e7\u00e3o da sociedade e dos cuidados ao meio ambiente.<\/p>\n\n\n\n<p>Agora que voc\u00ea j\u00e1 sabe como funciona o associativismo e sua import\u00e2ncia para o funcionamento da M\u00fatuo, compartilhe com seus amigos e familiares as possibilidades e benef\u00edcios que a M\u00fatuo oferece, ao indicar boas pessoas para fazerem parte da M\u00fatuo, nossa associa\u00e7\u00e3o se fortalece cada vez mais.<\/p>\n\n\n\n<p>Nossa miss\u00e3o \u00e9 &nbsp;garantir tranquilidade e seguran\u00e7a para nossos associados, por meio da cobertura, assist\u00eancia e prote\u00e7\u00e3o veicular, por isso tenha a certeza que sempre trabalharemos para que nossos associados jamais fiquem desamparados.<\/p>\n\n\n\n<p>Se voc\u00ea ainda n\u00e3o conhece a M\u00fatuo, fale conosco e veja como podemos tornar sua vida no transito muito mais tranquila!<\/p>\n\n\n\n<div class=\"is-layout-flex wp-block-buttons\">\n<div class=\"wp-block-button\"><a class=\"wp-block-button__link\" href=\"https:\/\/api.whatsapp.com\/send\/?phone=558420400705&amp;text&amp;type=phone_number&amp;app_absent=0\">Fale Conosco<\/a><\/div>\n<\/div>\n\n\n\n<p><\/p>\n\n\n\n<h2><strong>Veja mais mat\u00e9rias<\/strong><\/h2>\n\n\n<div class=\"wp-block-coblocks-posts is-style-horizontal\"><div class=\"wp-block-coblocks-posts__inner has-columns has-2-columns has-responsive-columns has-image-right has-huge-image has-circle-image has-medium-gutter\" style=\"--coblocks-custom-gutter:em\"><div class=\"wp-block-coblocks-posts__item\"><div class=\"wp-block-coblocks-posts__image\"><a href=\"https:\/\/grupomutuo.com.br\/blog\/seu-fim-de-ano-seguro-dicas-valiosas-para-aproveitar-as-festas-sem-transtorno\/\" class=\"bg-cover bg-center-center\" style=\"background-image:url(https:\/\/grupomutuo.com.br\/blog\/wp-content\/uploads\/2023\/12\/Instagram-story-1.png)\"><\/a><\/div><div class=\"wp-block-coblocks-posts__content\"><a href=\"https:\/\/grupomutuo.com.br\/blog\/seu-fim-de-ano-seguro-dicas-valiosas-para-aproveitar-as-festas-sem-transtorno\/\" alt=\"<strong>Seu fim de ano seguro: Dicas Valiosas para aproveitar as festas sem transtorno<\/strong>&#8220;><strong>Seu fim de ano seguro: Dicas Valiosas para aproveitar as festas sem transtorno<\/strong><\/a><time datetime=\"\" class=\"wp-block-coblocks-posts__date\">6 de dezembro de 2023<\/time><div class=\"wp-block-coblocks-posts__excerpt\">Com as festas de fim de ano chegando, \u00e9 importante adotar medidas &hellip; <\/div><\/div><\/div><div class=\"wp-block-coblocks-posts__item\"><div class=\"wp-block-coblocks-posts__image\"><a href=\"https:\/\/grupomutuo.com.br\/blog\/economize-dicas-para-otimizar-o-consumo-de-combustivel-do-seu-carro\/\" class=\"bg-cover bg-center-center\" style=\"background-image:url(https:\/\/grupomutuo.com.br\/blog\/wp-content\/uploads\/2023\/09\/homem-no-posto-de-gasolina-com-o-carro-de-perto-1-1.png)\"><\/a><\/div><div class=\"wp-block-coblocks-posts__content\"><a href=\"https:\/\/grupomutuo.com.br\/blog\/economize-dicas-para-otimizar-o-consumo-de-combustivel-do-seu-carro\/\" alt=\"Economize: Dicas para otimizar o consumo de combust\u00edvel do seu carro\">Economize: Dicas para otimizar o consumo de combust\u00edvel do seu carro<\/a><time datetime=\"\" class=\"wp-block-coblocks-posts__date\">28 de setembro de 2023<\/time><div class=\"wp-block-coblocks-posts__excerpt\">Voc\u00ea j\u00e1 parou para pensar quanto dinheiro voc\u00ea gasta com combust\u00edvel a &hellip; <\/div><\/div><\/div><\/div><\/div>","protected":false},"excerpt":{"rendered":"<p>Pensar coletivo \u00e9 sempre mais vantajoso. Um dos passos para transforma\u00e7\u00f5es concretas \u00e9 unir-se a pessoas com prop\u00f3sitos em comum<\/p>\n","protected":false},"author":1,"featured_media":359,"comment_status":"open","ping_status":"open","sticky":false,"template":"","format":"standard","meta":{"_coblocks_attr":"","_coblocks_dimensions":"","_coblocks_responsive_height":"","_coblocks_accordion_ie_support":""},"categories":[4],"tags":[],"_links":{"self":[{"href":"https:\/\/grupomutuo.com.br\/blog\/wp-json\/wp\/v2\/posts\/289"}],"collection":[{"href":"https:\/\/grupomutuo.com.br\/blog\/wp-json\/wp\/v2\/posts"}],"about":[{"href":"https:\/\/grupomutuo.com.br\/blog\/wp-json\/wp\/v2\/types\/post"}],"author":[{"embeddable":true,"href":"https:\/\/grupomutuo.com.br\/blog\/wp-json\/wp\/v2\/users\/1"}],"replies":[{"embeddable":true,"href":"https:\/\/grupomutuo.com.br\/blog\/wp-json\/wp\/v2\/comments?post=289"}],"version-history":[{"count":3,"href":"https:\/\/grupomutuo.com.br\/blog\/wp-json\/wp\/v2\/posts\/289\/revisions"}],"predecessor-version":[{"id":319,"href":"https:\/\/grupomutuo.com.br\/blog\/wp-json\/wp\/v2\/posts\/289\/revisions\/319"}],"wp:featuredmedia":[{"embeddable":true,"href":"https:\/\/grupomutuo.com.br\/blog\/wp-json\/wp\/v2\/media\/359"}],"wp:attachment":[{"href":"https:\/\/grupomutuo.com.br\/blog\/wp-json\/wp\/v2\/media?parent=289"}],"wp:term":[{"taxonomy":"category","embeddable":true,"href":"https:\/\/grupomutuo.com.br\/blog\/wp-json\/wp\/v2\/categories?post=289"},{"taxonomy":"post_tag","embeddable":true,"href":"https:\/\/grupomutuo.com.br\/blog\/wp-json\/wp\/v2\/tags?post=289"}],"curies":[{"name":"wp","href":"https:\/\/api.w.org\/{rel}","templated":true}]}}