{"id":230,"date":"2022-08-26T15:44:11","date_gmt":"2022-08-26T15:44:11","guid":{"rendered":"https:\/\/grupomutuo.com.br\/blog\/?p=230"},"modified":"2022-10-13T16:47:47","modified_gmt":"2022-10-13T16:47:47","slug":"carros-eletricos-e-o-futuro-ou-ja-entramos-nessa-realidade","status":"publish","type":"post","link":"https:\/\/grupomutuo.com.br\/blog\/carros-eletricos-e-o-futuro-ou-ja-entramos-nessa-realidade\/","title":{"rendered":"Carros el\u00e9tricos \u00e9 o futuro ou j\u00e1 entramos nessa realidade?"},"content":{"rendered":"<div class=\"wp-block-post-author\"><div class=\"wp-block-post-author__avatar\"><img alt='' src='https:\/\/secure.gravatar.com\/avatar\/a41eb1f03200da29e6508096b8516ed0?s=48&#038;d=mm&#038;r=g' srcset='https:\/\/secure.gravatar.com\/avatar\/a41eb1f03200da29e6508096b8516ed0?s=96&#038;d=mm&#038;r=g 2x' class='avatar avatar-48 photo' height='48' width='48' loading='lazy' decoding='async'\/><\/div><div class=\"wp-block-post-author__content\"><p class=\"wp-block-post-author__byline\">Pablo Zanca<\/p><p class=\"wp-block-post-author__name\">M\u00fatuo<\/p><\/div><\/div>\n\n\n<figure class=\"wp-block-image size-large is-resized\"><img decoding=\"async\" loading=\"lazy\" src=\"https:\/\/grupomutuo.com.br\/blog\/wp-content\/uploads\/2022\/08\/2019-lexus-lf-30-concept-1024x576.jpg\" alt=\"\" class=\"wp-image-231\" width=\"929\" height=\"523\" srcset=\"https:\/\/grupomutuo.com.br\/blog\/wp-content\/uploads\/2022\/08\/2019-lexus-lf-30-concept-1024x576.jpg 1024w, https:\/\/grupomutuo.com.br\/blog\/wp-content\/uploads\/2022\/08\/2019-lexus-lf-30-concept-300x169.jpg 300w, https:\/\/grupomutuo.com.br\/blog\/wp-content\/uploads\/2022\/08\/2019-lexus-lf-30-concept-768x432.jpg 768w, https:\/\/grupomutuo.com.br\/blog\/wp-content\/uploads\/2022\/08\/2019-lexus-lf-30-concept.jpg 1280w\" sizes=\"(max-width: 929px) 100vw, 929px\" \/><figcaption>Lexus LF-30<\/figcaption><\/figure>\n\n\n\n<p>No imagin\u00e1rio dos filmes antigos o conceito de carros do futuro daquela \u00e9poca, a essa altura j\u00e1 estariam voando pelos c\u00e9us com aparatos extremamente tecnol\u00f3gicos e muito mais a frente do nosso tempo. Mas a verdade \u00e9 que sim, algumas das tecnologias imaginadas para esses carros se tornaram realidades no s\u00f3 como um prot\u00f3tipo, mas sim de maneira funcional no qual j\u00e1 est\u00e3o presentes no mercado automotivo.<\/p>\n\n\n\n<p>Por isso listamos a seguir algumas novidades tecnol\u00f3gica dos carros el\u00e9tricos que j\u00e1 figuram como uma realidade.<\/p>\n\n\n\n<h3 class=\"has-text-color\" style=\"color:#e16832\"><strong>Automa\u00e7\u00e3o<\/strong><\/h3>\n\n\n\n<p>Como o nome mesmo j\u00e1 diz, a automa\u00e7\u00e3o \u00e9 uma tecnologia que oferece ao ve\u00edculo uma intelig\u00eancia contextual que o capacita de tomar decis\u00f5es por si s\u00f3, por meio de sensores no qual emitem est\u00edmulos para uma intelig\u00eancia artificial interpretar e assim tomar a decis\u00e3o correta, como frear ao se aproximar de outro ve\u00edculo por exemplo. O objetivo dessa tecnologia \u00e9 substituir completamente a interven\u00e7\u00e3o humana na condu\u00e7\u00e3o do autom\u00f3vel.<\/p>\n\n\n\n<h3 class=\"has-text-color\" style=\"color:#e16832\"><strong>Pintura resistente a riscos<\/strong><\/h3>\n\n\n\n<p>Sim, uma tinta que \u00e9 capaz de n\u00e3o manifestar riscos na pintura do autom\u00f3vel est\u00e1 sendo desenvolvida pelo Centro de Inova\u00e7\u00e3o e Tecnologia do SENAI de Belo Horizonte em Minas Gerais, est\u00e3o desenvolvendo uma tinta automotiva resistente a a qualquer tipo de interfer\u00eancia que possa danificar a superf\u00edcie pintada com essa tinta especial.<\/p>\n\n\n\n<h3 class=\"has-text-color\" style=\"color:#e16832\"><strong>Eletrifica\u00e7\u00e3o<\/strong><\/h3>\n\n\n\n<p>\u00c9 fundamental destacar o que est\u00e1 motivando as montadoras nessa corrida \u00e0 eletrifica\u00e7\u00e3o. Estamos falando de conceitos como sustentabilidade e responsabilidade socioambiental.<\/p>\n\n\n\n<p>Diante das quest\u00f5es clim\u00e1ticas, com o grande impacto que os ve\u00edculos a combust\u00e3o causam e tamb\u00e9m com a pertinente conscientiza\u00e7\u00e3o do consumidor, \u00e9 cada vez mais importante que a ind\u00fastria automotiva busque alternativas para diminuir esse impacto, e a eletrifica\u00e7\u00e3o dos ve\u00edculos pela troca dos combust\u00edveis f\u00f3sseis para uma fonte de energia mais renov\u00e1vel.<\/p>\n\n\n\n<p>De momento, a eletrifica\u00e7\u00e3o ainda \u00e9 uma tecnologia relativamente cara, mesmo em mercados mais consolidados, como o norte-americano e o europeu. No entanto, conforme aumenta a ado\u00e7\u00e3o aos el\u00e9tricos e a tecnologia passa a ser a norma, h\u00e1 uma tend\u00eancia natural de harmoniza\u00e7\u00e3o dos pre\u00e7os.<\/p>\n\n\n\n<h3 class=\"has-text-color\" style=\"color:#e16832\"><strong>Biometria<\/strong><\/h3>\n\n\n\n<p>A biometria j\u00e1 \u00e9 uma realidade em nossas vidas em diversas outras \u00e1reas, seja em fechaduras residenciais, smartphones senhas de bancos etc. No mundo automotivo essa realidade est\u00e1 surgindo de uma forma mais avan\u00e7ada.<\/p>\n\n\n\n<p>Na CES 2022, que \u00e9 a maior feira de tecnologia e eletr\u00f4nicos do mundo a Mercedes-Benz apresentou detalhes dos recursos de infoentretenimento do prot\u00f3tipo Vision EQXX. Uma intelig\u00eancia artificial com base em detec\u00e7\u00e3o biom\u00e9trica seria instalada nos carros que s\u00e3o compartilhados entre familiares ou amigos e at\u00e9 de assinatura de carros e locadoras, nesse caso ao detectar a biometria da pessoa, o sistema ajustar\u00e1 uma configura espec\u00edfica para aquela pessoa, como a posi\u00e7\u00e3o programada dos bancos, espelho, temperatura e indo at\u00e9 mais longe, pela biometria, ser\u00e1 monitorado o os batimentos card\u00edacos dos condutores, e assim podendo identificar um poss\u00edvel mal s\u00fabito ou e chamar a emerg\u00eancia at\u00e9 o local.<\/p>\n\n\n\n<h3 class=\"has-text-color\" style=\"color:#e16832\"><strong>Intelig\u00eancia artificial coletiva<\/strong><\/h3>\n\n\n\n<p>A mais popularmente conhecida AI, j\u00e1 abordada anteriormente, se trata de um conceito totalmente interligado com a automa\u00e7\u00e3o veicular, contudo a AI possui algumas particularidades.<\/p>\n\n\n\n<p>Aqui, falamos de uma intelig\u00eancia computacional que se interagem com uma rede comunicacional inter veicular. Basicamente a ideia \u00e9 que os carros estejam conectados a uma mesma rede compartilhada de acordo com o seu posicionamento. Com isso, os ve\u00edculos poder\u00e3o comunicar entre si diferentes par\u00e2metros como velocidade, dist\u00e2ncia e afins. <\/p>\n\n\n\n<p>A jun\u00e7\u00e3o dessa comunica\u00e7\u00e3o constante, com a autonomia de movimento dos ve\u00edculos, poder\u00e1 revolucionar o transito como conhecemos, reduzindo drasticamente o tr\u00e2nsito, consequentemente o numero de acidentes chegar\u00e1 a quase zero com um transito mais fluido e com velocidade otimizada.<\/p>\n\n\n\n<h3 class=\"has-text-color\" style=\"color:#e16832\"><strong>Detec\u00e7\u00e3o de buracos<\/strong><\/h3>\n\n\n\n<p>Um dos maiores vil\u00f5es do condutores sem d\u00favidas s\u00e3o os indesej\u00e1veis buracos nas estradas, que por sinal \u00e9 um problema bastante comum aqui no Brasil, causador de acidentes inclusive. <\/p>\n\n\n\n<p>A montadora Juguar Land Rover, anunciou o desenvolvimento de uma tecnologia que para detec\u00e7\u00e3o de buracos nas ruas. O projeto chama-se &#8220;Pothole Alert&#8221; (Alerca de Buraco), o projeto de pesquisa prev\u00ea o desenvolvimento de um equipamento para identificar os obst\u00e1culos e ajustar o sistema de suspens\u00e3o para minimizar poss\u00edveis danos e tornar a condu\u00e7\u00e3o mais agrad\u00e1vel.<\/p>\n\n\n\n<p>O prot\u00f3tipo da fabricante ainda est\u00e1 em fase de testes e registrou obst\u00e1culos por meio de varia\u00e7\u00f5es do curso da suspens\u00e3o do ve\u00edculo Land Rover Evoque ao passar por obst\u00e1culos. Mas o objetivo do fabricante \u00e9 desenvolver um equipamento que seja capaz de escancear a pista, antecipando as rea\u00e7\u00f5es do ve\u00edculo. <\/p>\n\n\n\n<p>Outras empresas como Tesla, Google e empresas coreanas tamb\u00e9m j\u00e1 trabalham com solu\u00e7\u00f5es semelhantes. Em breve deve se tornar uma tecnologia mais acess\u00edvel e presente nos nossos carros.<\/p>\n\n\n\n<figure class=\"wp-block-image size-large is-resized\"><img decoding=\"async\" loading=\"lazy\" src=\"https:\/\/grupomutuo.com.br\/blog\/wp-content\/uploads\/2022\/08\/carsharing-4382651_1280-1024x682.webp\" alt=\"\" class=\"wp-image-232\" width=\"733\" height=\"488\" srcset=\"https:\/\/grupomutuo.com.br\/blog\/wp-content\/uploads\/2022\/08\/carsharing-4382651_1280-1024x682.webp 1024w, https:\/\/grupomutuo.com.br\/blog\/wp-content\/uploads\/2022\/08\/carsharing-4382651_1280-300x200.webp 300w, https:\/\/grupomutuo.com.br\/blog\/wp-content\/uploads\/2022\/08\/carsharing-4382651_1280-768x512.webp 768w, https:\/\/grupomutuo.com.br\/blog\/wp-content\/uploads\/2022\/08\/carsharing-4382651_1280.webp 1280w\" sizes=\"(max-width: 733px) 100vw, 733px\" \/><figcaption>Foto: Pixabay<\/figcaption><\/figure>\n\n\n\n<h3><strong>Mas afinal, quais s\u00e3o os tipo de carros el\u00e9tricos j\u00e1 dispon\u00edveis no mercado<\/strong><\/h3>\n\n\n\n<p><strong>Carros h\u00edbridos el\u00e9tricos<\/strong>: O carro h\u00edbrido el\u00e9trico como o nome j\u00e1 diz, utiliza ambas as fontes de energia a combust\u00e3o e a el\u00e9trica, sendo o motor el\u00e9trico auxiliar, esses ve\u00edculos tendem a serem muito eficientes, no uso e apresentam uma redu\u00e7\u00e3o no consumo de combust\u00edvel e assim menos poluente.<\/p>\n\n\n\n<p>Nos carros h\u00edbridos, h\u00e1 os de motores h\u00edbridos plugin. Neles o motor el\u00e9trico pode ser carregado externamente (por meio de tomadas el\u00e9tricas), ou seja, n\u00e3o \u00e9 necess\u00e1rio combust\u00edvel para fazer o carro funcionar. Nesse tipo de ve\u00edculo a bateria \u00e9 utilizada em paralelo com o motor a combust\u00e3o, sendo ativado somente em ocasi\u00f5es necess\u00e1rios pelo plugin.<\/p>\n\n\n\n<p><strong>Carros 100% el\u00e9tricos<\/strong>: Esses sim s\u00e3o os carros totalmente dependentes de energia el\u00e9trica, muito mais limpos ecologicamente do que os carros a combust\u00e3o, embora esse tipo de ve\u00edculo n\u00e3o se livre de discuss\u00f5es acerca da forma como essas empresas est\u00e3o gerando essa energia el\u00e9trica direcionada para o cabo de recarga. Ainda que essa energia seja gerada de uma fonte poluente como o carv\u00e3o mineral, os ve\u00edculos s\u00e3o bem mais sustent\u00e1veis pois utilizam somente bateria para fazer o carro se mover.<\/p>\n\n\n\n<p><strong>Carros a c\u00e9lulas de hidrog\u00eanio: <\/strong>Esses modelos levam as c\u00e9lulas de um combust\u00edvel pr\u00f3prio \u00e0 divis\u00e3o e fus\u00e3o para gerar energia el\u00e9trica a partir de \u00e1tomos de hidrog\u00eanio. Utilizam-se desse combust\u00edvel inovador para gerar motores pelo menos 30% menos poluentes que um carro tradicional. Esse tipo de ve\u00edculo alimentado por c\u00e9lulas de hidrog\u00eanio produzem res\u00edduos n\u00e3o limpos, e n\u00e3o possuem mais nenhuma outra forma de serem recarregados, ou seja, voc\u00ea dever\u00e1 utilizar apenas as c\u00e9lulas de hidrog\u00eanio. Essa tecnologia ainda \u00e9 muito recente, em uso apenas nos Estados Unidos. Ainda n\u00e3o \u00e9 poss\u00edvel concluir qual ser\u00e1 o futuro desta tecnologia.<\/p>\n\n\n\n<p>De fato, algumas das tecnologias imaginadas pelos filmes antigos est\u00e3o longe de se tornarem realidades j\u00e1 outras est\u00e3o se consolidando em nosso cotidiano, futuro dos carros el\u00e9tricos j\u00e1 chegou, talvez n\u00e3o do jeito que gostar\u00edamos, voando pelos c\u00e9us, mas com certeza v\u00e3o ser muito mais eficientes e seguros.<\/p>\n\n\n\n<p>Mas at\u00e9 que essa seguran\u00e7a n\u00e3o chegue, se voc\u00ea n\u00e3o tem ou n\u00e3o conhece uma prote\u00e7\u00e3o veicular, veja como podemos proteger seu ve\u00edculo dos imprevistos cotidianos no tr\u00e2nsito.<\/p>\n\n\n\n<h2><strong>Veja mais mat\u00e9rias<\/strong><\/h2>\n\n\n<div class=\"wp-block-coblocks-posts is-style-horizontal\"><div class=\"wp-block-coblocks-posts__inner has-columns has-2-columns has-responsive-columns has-image-right has-huge-image has-circle-image has-medium-gutter\" style=\"--coblocks-custom-gutter:em\"><div class=\"wp-block-coblocks-posts__item\"><div class=\"wp-block-coblocks-posts__image\"><a href=\"https:\/\/grupomutuo.com.br\/blog\/seu-fim-de-ano-seguro-dicas-valiosas-para-aproveitar-as-festas-sem-transtorno\/\" class=\"bg-cover bg-center-center\" style=\"background-image:url(https:\/\/grupomutuo.com.br\/blog\/wp-content\/uploads\/2023\/12\/Instagram-story-1.png)\"><\/a><\/div><div class=\"wp-block-coblocks-posts__content\"><a href=\"https:\/\/grupomutuo.com.br\/blog\/seu-fim-de-ano-seguro-dicas-valiosas-para-aproveitar-as-festas-sem-transtorno\/\" alt=\"<strong>Seu fim de ano seguro: Dicas Valiosas para aproveitar as festas sem transtorno<\/strong>&#8220;><strong>Seu fim de ano seguro: Dicas Valiosas para aproveitar as festas sem transtorno<\/strong><\/a><time datetime=\"\" class=\"wp-block-coblocks-posts__date\">6 de dezembro de 2023<\/time><div class=\"wp-block-coblocks-posts__excerpt\">Com as festas de fim de ano chegando, \u00e9 importante adotar medidas &hellip; <\/div><\/div><\/div><div class=\"wp-block-coblocks-posts__item\"><div class=\"wp-block-coblocks-posts__image\"><a href=\"https:\/\/grupomutuo.com.br\/blog\/economize-dicas-para-otimizar-o-consumo-de-combustivel-do-seu-carro\/\" class=\"bg-cover bg-center-center\" style=\"background-image:url(https:\/\/grupomutuo.com.br\/blog\/wp-content\/uploads\/2023\/09\/homem-no-posto-de-gasolina-com-o-carro-de-perto-1-1.png)\"><\/a><\/div><div class=\"wp-block-coblocks-posts__content\"><a href=\"https:\/\/grupomutuo.com.br\/blog\/economize-dicas-para-otimizar-o-consumo-de-combustivel-do-seu-carro\/\" alt=\"Economize: Dicas para otimizar o consumo de combust\u00edvel do seu carro\">Economize: Dicas para otimizar o consumo de combust\u00edvel do seu carro<\/a><time datetime=\"\" class=\"wp-block-coblocks-posts__date\">28 de setembro de 2023<\/time><div class=\"wp-block-coblocks-posts__excerpt\">Voc\u00ea j\u00e1 parou para pensar quanto dinheiro voc\u00ea gasta com combust\u00edvel a &hellip; <\/div><\/div><\/div><\/div><\/div>","protected":false},"excerpt":{"rendered":"<p>No imagin\u00e1rio dos filmes antigos o conceito de carros do futuro daquela \u00e9poca, a essa altura j\u00e1 estariam voando pelos<\/p>\n","protected":false},"author":1,"featured_media":233,"comment_status":"open","ping_status":"open","sticky":false,"template":"","format":"standard","meta":{"_coblocks_attr":"","_coblocks_dimensions":"","_coblocks_responsive_height":"","_coblocks_accordion_ie_support":""},"categories":[4],"tags":[],"_links":{"self":[{"href":"https:\/\/grupomutuo.com.br\/blog\/wp-json\/wp\/v2\/posts\/230"}],"collection":[{"href":"https:\/\/grupomutuo.com.br\/blog\/wp-json\/wp\/v2\/posts"}],"about":[{"href":"https:\/\/grupomutuo.com.br\/blog\/wp-json\/wp\/v2\/types\/post"}],"author":[{"embeddable":true,"href":"https:\/\/grupomutuo.com.br\/blog\/wp-json\/wp\/v2\/users\/1"}],"replies":[{"embeddable":true,"href":"https:\/\/grupomutuo.com.br\/blog\/wp-json\/wp\/v2\/comments?post=230"}],"version-history":[{"count":2,"href":"https:\/\/grupomutuo.com.br\/blog\/wp-json\/wp\/v2\/posts\/230\/revisions"}],"predecessor-version":[{"id":309,"href":"https:\/\/grupomutuo.com.br\/blog\/wp-json\/wp\/v2\/posts\/230\/revisions\/309"}],"wp:featuredmedia":[{"embeddable":true,"href":"https:\/\/grupomutuo.com.br\/blog\/wp-json\/wp\/v2\/media\/233"}],"wp:attachment":[{"href":"https:\/\/grupomutuo.com.br\/blog\/wp-json\/wp\/v2\/media?parent=230"}],"wp:term":[{"taxonomy":"category","embeddable":true,"href":"https:\/\/grupomutuo.com.br\/blog\/wp-json\/wp\/v2\/categories?post=230"},{"taxonomy":"post_tag","embeddable":true,"href":"https:\/\/grupomutuo.com.br\/blog\/wp-json\/wp\/v2\/tags?post=230"}],"curies":[{"name":"wp","href":"https:\/\/api.w.org\/{rel}","templated":true}]}}