{"id":122,"date":"2022-05-19T16:27:11","date_gmt":"2022-05-19T16:27:11","guid":{"rendered":"https:\/\/grupomutuo.com.br\/blog\/?p=122"},"modified":"2022-12-22T13:13:52","modified_gmt":"2022-12-22T13:13:52","slug":"ex-piloto-de-f1fatura-r-43-milhoes-com-a-venda-de-2-carros-classicos-da-f1","status":"publish","type":"post","link":"https:\/\/grupomutuo.com.br\/blog\/ex-piloto-de-f1fatura-r-43-milhoes-com-a-venda-de-2-carros-classicos-da-f1\/","title":{"rendered":"Ex-piloto de F1 fatura R$ 43 milh\u00f5es com a venda de 2 carros cl\u00e1ssicos da F1"},"content":{"rendered":"<div class=\"wp-block-post-author\"><div class=\"wp-block-post-author__avatar\"><img alt='' src='https:\/\/secure.gravatar.com\/avatar\/a41eb1f03200da29e6508096b8516ed0?s=48&#038;d=mm&#038;r=g' srcset='https:\/\/secure.gravatar.com\/avatar\/a41eb1f03200da29e6508096b8516ed0?s=96&#038;d=mm&#038;r=g 2x' class='avatar avatar-48 photo' height='48' width='48' loading='lazy' decoding='async'\/><\/div><div class=\"wp-block-post-author__content\"><p class=\"wp-block-post-author__byline\">Pablo Zanca<\/p><p class=\"wp-block-post-author__name\">M\u00fatuo<\/p><\/div><\/div>\n\n\n<p class=\"has-custom-font\" style=\"font-family:Ubuntu\">Dois modelos cl\u00e1ssicos de carros da F1 foram vendidos pelo ex-piloto e campe\u00e3o mundial mundial da F1 em 1992, Nigel Mansell. Um dos modelos \u00e9 a Williams FW14, famosa por carona a Senna na temporada de 1992.<\/p>\n\n\n\n<figure class=\"wp-block-image size-large\"><img decoding=\"async\" loading=\"lazy\" width=\"1024\" height=\"554\" src=\"https:\/\/grupomutuo.com.br\/blog\/wp-content\/uploads\/2022\/12\/1991-Williams-FW14-a_Easy-Resize.com_-1024x554.jpg\" alt=\"\" class=\"wp-image-378\" srcset=\"https:\/\/grupomutuo.com.br\/blog\/wp-content\/uploads\/2022\/12\/1991-Williams-FW14-a_Easy-Resize.com_-1024x554.jpg 1024w, https:\/\/grupomutuo.com.br\/blog\/wp-content\/uploads\/2022\/12\/1991-Williams-FW14-a_Easy-Resize.com_-300x162.jpg 300w, https:\/\/grupomutuo.com.br\/blog\/wp-content\/uploads\/2022\/12\/1991-Williams-FW14-a_Easy-Resize.com_-768x416.jpg 768w, https:\/\/grupomutuo.com.br\/blog\/wp-content\/uploads\/2022\/12\/1991-Williams-FW14-a_Easy-Resize.com_.jpg 1280w\" sizes=\"(max-width: 1024px) 100vw, 1024px\" \/><figcaption>Williams FW14 pilotada por Mansell em 1991 <\/figcaption><\/figure>\n\n\n\n<p class=\"has-custom-font\" style=\"font-family:Ubuntu\">Mansell acaba de ficar R$ 43 milh\u00f5es mais rico com a venda de dois carros ic\u00f4nicos que faziam parte da sua cole\u00e7\u00e3o particular e tamb\u00e9m guiados pelo ex-campe\u00e3o mundial de F1.<\/p>\n\n\n\n<p class=\"has-custom-font\" style=\"font-family:Ubuntu\">O primeiro carro vendido foi o  FW14, usado por Mansell na temporada de 1991 no qual ficou famoso pela cl\u00e1ssica cena em que Ayrton Senna \u00e9 levado de carona ap\u00f3s o brasileiro ficar sem gasolina no GP da Inglaterra daquele ano.<\/p>\n\n\n\n<p>A m\u00e1quina, que ajudou o \u201cLe\u00e3o\u201d a conquistar cinco vit\u00f3rias e o vice-campeonato da temporada foi comprada por nada menos que R$ 21 milh\u00f5es (3,45 milh\u00f5es de libras).&nbsp;<\/p>\n\n\n\n<figure class=\"wp-block-embed is-type-rich is-provider-twitter wp-block-embed-twitter\"><div class=\"wp-block-embed__wrapper\">\n<blockquote class=\"twitter-tweet\" data-width=\"550\" data-dnt=\"true\"><p lang=\"en\" dir=\"ltr\">Nigel Mansell, <a href=\"https:\/\/twitter.com\/hashtag\/OnThisDay?src=hash&amp;ref_src=twsrc%5Etfw\">#OnThisDay<\/a> in 1991<br><br>Wins British Grand Prix ?<br>Achieves a Grand Slam ?<br>Gives Senna a lift ?? ?? <a href=\"https:\/\/t.co\/5OLgRoqBRg\">pic.twitter.com\/5OLgRoqBRg<\/a><\/p>&mdash; Formula 1 (@F1) <a href=\"https:\/\/twitter.com\/F1\/status\/753532756013883392?ref_src=twsrc%5Etfw\">July 14, 2016<\/a><\/blockquote><script async src=\"https:\/\/platform.twitter.com\/widgets.js\" charset=\"utf-8\"><\/script>\n<\/div><\/figure>\n\n\n\n<p class=\"has-custom-font\" style=\"font-family:Ubuntu\">O outro carro que ajudou Nigel a faturar R$ 43 milh\u00f5es foi o Ferrari 640, pilotado por Mansell no ano de 1989, e comprado pela bagatela de R$ 22 milh\u00f5es (3,6 milh\u00f5es de libras). Com esse carro, o piloto teve boas lembran\u00e7as, ele venceu a corrida de abertura da temporada, no Brasil e tamb\u00e9m o GP da Hungria daquele ano. O Ferrari 640, foi vendido com motor e tudo diferentemente da Willians.<\/p>\n\n\n\n<figure class=\"wp-block-image size-large\"><img decoding=\"async\" loading=\"lazy\" width=\"1024\" height=\"709\" src=\"https:\/\/grupomutuo.com.br\/blog\/wp-content\/uploads\/2022\/12\/1200px-Nigel_Mansell_1989_Belgian_GP_3_Easy-Resize.com_-1024x709.jpg\" alt=\"\" class=\"wp-image-379\" srcset=\"https:\/\/grupomutuo.com.br\/blog\/wp-content\/uploads\/2022\/12\/1200px-Nigel_Mansell_1989_Belgian_GP_3_Easy-Resize.com_-1024x709.jpg 1024w, https:\/\/grupomutuo.com.br\/blog\/wp-content\/uploads\/2022\/12\/1200px-Nigel_Mansell_1989_Belgian_GP_3_Easy-Resize.com_-300x208.jpg 300w, https:\/\/grupomutuo.com.br\/blog\/wp-content\/uploads\/2022\/12\/1200px-Nigel_Mansell_1989_Belgian_GP_3_Easy-Resize.com_-768x532.jpg 768w, https:\/\/grupomutuo.com.br\/blog\/wp-content\/uploads\/2022\/12\/1200px-Nigel_Mansell_1989_Belgian_GP_3_Easy-Resize.com_-392x272.jpg 392w, https:\/\/grupomutuo.com.br\/blog\/wp-content\/uploads\/2022\/12\/1200px-Nigel_Mansell_1989_Belgian_GP_3_Easy-Resize.com_-130x90.jpg 130w, https:\/\/grupomutuo.com.br\/blog\/wp-content\/uploads\/2022\/12\/1200px-Nigel_Mansell_1989_Belgian_GP_3_Easy-Resize.com_.jpg 1280w\" sizes=\"(max-width: 1024px) 100vw, 1024px\" \/><figcaption>Ferrari 640 guiada por Nigel Mansell no GP da B\u00e9lgica em 1989<\/figcaption><\/figure>\n\n\n\n<p class=\"has-custom-font\" style=\"font-family:Ubuntu\">J\u00e1 pensou em poder chamar de seu e ter essas duas belezas em sua garagem? Diz pra gente qual das duas m\u00e1quinas voc\u00ea mais curte<\/p>\n\n\n\n<h2>Veja mais mat\u00e9rias<\/h2>\n\n\n<div class=\"wp-block-coblocks-posts is-style-horizontal\"><div class=\"wp-block-coblocks-posts__inner has-columns has-2-columns has-responsive-columns has-image-right has-huge-image has-circle-image has-custom-gutter\" style=\"--coblocks-custom-gutter:5em\"><div class=\"wp-block-coblocks-posts__item\"><div class=\"wp-block-coblocks-posts__image\"><a href=\"https:\/\/grupomutuo.com.br\/blog\/seu-fim-de-ano-seguro-dicas-valiosas-para-aproveitar-as-festas-sem-transtorno\/\" class=\"bg-cover bg-center-center\" style=\"background-image:url(https:\/\/grupomutuo.com.br\/blog\/wp-content\/uploads\/2023\/12\/Instagram-story-1.png)\"><\/a><\/div><div class=\"wp-block-coblocks-posts__content\"><a href=\"https:\/\/grupomutuo.com.br\/blog\/seu-fim-de-ano-seguro-dicas-valiosas-para-aproveitar-as-festas-sem-transtorno\/\" alt=\"<strong>Seu fim de ano seguro: Dicas Valiosas para aproveitar as festas sem transtorno<\/strong>&#8220;><strong>Seu fim de ano seguro: Dicas Valiosas para aproveitar as festas sem transtorno<\/strong><\/a><time datetime=\"\" class=\"wp-block-coblocks-posts__date\">6 de dezembro de 2023<\/time><div class=\"wp-block-coblocks-posts__excerpt\">Com as festas de fim de ano chegando, \u00e9 importante &hellip; <\/div><\/div><\/div><div class=\"wp-block-coblocks-posts__item\"><div class=\"wp-block-coblocks-posts__image\"><a href=\"https:\/\/grupomutuo.com.br\/blog\/economize-dicas-para-otimizar-o-consumo-de-combustivel-do-seu-carro\/\" class=\"bg-cover bg-center-center\" style=\"background-image:url(https:\/\/grupomutuo.com.br\/blog\/wp-content\/uploads\/2023\/09\/homem-no-posto-de-gasolina-com-o-carro-de-perto-1-1.png)\"><\/a><\/div><div class=\"wp-block-coblocks-posts__content\"><a href=\"https:\/\/grupomutuo.com.br\/blog\/economize-dicas-para-otimizar-o-consumo-de-combustivel-do-seu-carro\/\" alt=\"Economize: Dicas para otimizar o consumo de combust\u00edvel do seu carro\">Economize: Dicas para otimizar o consumo de combust\u00edvel do seu carro<\/a><time datetime=\"\" class=\"wp-block-coblocks-posts__date\">28 de setembro de 2023<\/time><div class=\"wp-block-coblocks-posts__excerpt\">Voc\u00ea j\u00e1 parou para pensar quanto dinheiro voc\u00ea gasta com &hellip; <\/div><\/div><\/div><\/div><\/div>","protected":false},"excerpt":{"rendered":"<p>Dois modelos cl\u00e1ssicos de carros da F1 foram vendidos pelo ex-piloto e campe\u00e3o mundial mundial da F1 em 1992, Nigel<\/p>\n","protected":false},"author":1,"featured_media":357,"comment_status":"open","ping_status":"open","sticky":false,"template":"","format":"standard","meta":{"_coblocks_attr":"Ubuntu,Ubuntu","_coblocks_dimensions":"","_coblocks_responsive_height":"","_coblocks_accordion_ie_support":""},"categories":[4],"tags":[],"_links":{"self":[{"href":"https:\/\/grupomutuo.com.br\/blog\/wp-json\/wp\/v2\/posts\/122"}],"collection":[{"href":"https:\/\/grupomutuo.com.br\/blog\/wp-json\/wp\/v2\/posts"}],"about":[{"href":"https:\/\/grupomutuo.com.br\/blog\/wp-json\/wp\/v2\/types\/post"}],"author":[{"embeddable":true,"href":"https:\/\/grupomutuo.com.br\/blog\/wp-json\/wp\/v2\/users\/1"}],"replies":[{"embeddable":true,"href":"https:\/\/grupomutuo.com.br\/blog\/wp-json\/wp\/v2\/comments?post=122"}],"version-history":[{"count":8,"href":"https:\/\/grupomutuo.com.br\/blog\/wp-json\/wp\/v2\/posts\/122\/revisions"}],"predecessor-version":[{"id":381,"href":"https:\/\/grupomutuo.com.br\/blog\/wp-json\/wp\/v2\/posts\/122\/revisions\/381"}],"wp:featuredmedia":[{"embeddable":true,"href":"https:\/\/grupomutuo.com.br\/blog\/wp-json\/wp\/v2\/media\/357"}],"wp:attachment":[{"href":"https:\/\/grupomutuo.com.br\/blog\/wp-json\/wp\/v2\/media?parent=122"}],"wp:term":[{"taxonomy":"category","embeddable":true,"href":"https:\/\/grupomutuo.com.br\/blog\/wp-json\/wp\/v2\/categories?post=122"},{"taxonomy":"post_tag","embeddable":true,"href":"https:\/\/grupomutuo.com.br\/blog\/wp-json\/wp\/v2\/tags?post=122"}],"curies":[{"name":"wp","href":"https:\/\/api.w.org\/{rel}","templated":true}]}}