{"id":10,"date":"2022-05-13T15:14:07","date_gmt":"2022-05-13T15:14:07","guid":{"rendered":"https:\/\/grupomutuo.com.br\/blog\/titulo-da-publicacao-do-blog\/"},"modified":"2022-12-22T13:12:14","modified_gmt":"2022-12-22T13:12:14","slug":"titulo-da-publicacao-do-blog","status":"publish","type":"post","link":"https:\/\/grupomutuo.com.br\/blog\/titulo-da-publicacao-do-blog\/","title":{"rendered":"Dicas para cuidar do ar-condicionado do seu ve\u00edculo"},"content":{"rendered":"<div class=\"wp-block-post-author\"><div class=\"wp-block-post-author__avatar\"><img alt='' src='https:\/\/secure.gravatar.com\/avatar\/a41eb1f03200da29e6508096b8516ed0?s=48&#038;d=mm&#038;r=g' srcset='https:\/\/secure.gravatar.com\/avatar\/a41eb1f03200da29e6508096b8516ed0?s=96&#038;d=mm&#038;r=g 2x' class='avatar avatar-48 photo' height='48' width='48' loading='lazy' decoding='async'\/><\/div><div class=\"wp-block-post-author__content\"><p class=\"wp-block-post-author__byline\">Por Pablo Zanca<\/p><p class=\"wp-block-post-author__name\">M\u00fatuo<\/p><\/div><\/div>\n\n\n<figure class=\"wp-block-image size-large\"><img decoding=\"async\" loading=\"lazy\" width=\"1024\" height=\"682\" src=\"https:\/\/grupomutuo.com.br\/blog\/wp-content\/uploads\/2022\/06\/WhatsApp_Image_2022-01-07_at_15.45.46__1__Easy-Resize.com_-1024x682.jpg\" alt=\"\" class=\"wp-image-374\" srcset=\"https:\/\/grupomutuo.com.br\/blog\/wp-content\/uploads\/2022\/06\/WhatsApp_Image_2022-01-07_at_15.45.46__1__Easy-Resize.com_-1024x682.jpg 1024w, https:\/\/grupomutuo.com.br\/blog\/wp-content\/uploads\/2022\/06\/WhatsApp_Image_2022-01-07_at_15.45.46__1__Easy-Resize.com_-300x200.jpg 300w, https:\/\/grupomutuo.com.br\/blog\/wp-content\/uploads\/2022\/06\/WhatsApp_Image_2022-01-07_at_15.45.46__1__Easy-Resize.com_-768x512.jpg 768w, https:\/\/grupomutuo.com.br\/blog\/wp-content\/uploads\/2022\/06\/WhatsApp_Image_2022-01-07_at_15.45.46__1__Easy-Resize.com_.jpg 1280w\" sizes=\"(max-width: 1024px) 100vw, 1024px\" \/><\/figure>\n\n\n\n<p class=\"has-custom-font\" style=\"font-family:Ubuntu\">Cuidar do ar condicionado do ve\u00edculo nem sempre \u00e9 uma prioridade das pessoas, geralmente s\u00f3 lembramos que precisamos revisar no momento em da troca do g\u00e1s, para voltarmos a ficar no friozinho confort\u00e1vel que o ar condicionado nos proporciona n\u00e3o \u00e9 mesmo? Por\u00e9m n\u00e3o cuidar corretamente do seu ar condicionado pode trazer v\u00e1rios problemas, seja um mal funcionamento ou at\u00e9 mesmo problemas de sa\u00fade, ent\u00e3o veja quais s\u00e3o os cuidados que devemos ficar atendo.<\/p>\n\n\n\n<p class=\"has-custom-font\" style=\"font-family:Ubuntu\">Se voc\u00ea mantiver o aparelho sempre limpo, substituir os filtros com frequ\u00eancia e conferir o estado dos cabos e conex\u00f5es, a chance de acontecer uma pane inesperada \u00e9 praticamente zero.<\/p>\n\n\n\n<p class=\"has-custom-font\" style=\"font-family:Ubuntu\">Abaixo, voc\u00ea confere essa e outras dicas simples, mas importantes para manter o ar-condicionado sempre em perfeito estado!<\/p>\n\n\n\n<h3 class=\"has-custom-font\" style=\"font-family:Ubuntu\"><strong>1. N\u00e3o deixe o ar desligado por um longo per\u00edodo<\/strong><\/h3>\n\n\n\n<p class=\"has-custom-font\" style=\"font-family:Ubuntu\">Se o aparelho ficar muito tempo desligado o ac\u00famulo de poeira pode prejudic\u00e1-lo. Para garantir a lubrifica\u00e7\u00e3o e evitar o ressecamento das pe\u00e7as, ligue o ar pelo menos uma vez por semana.<\/p>\n\n\n\n<h3 class=\"has-custom-font\" style=\"font-family:Ubuntu\"><strong>2. Dissipe o ar quente do carro <\/strong><\/h3>\n\n\n\n<p class=\"has-custom-font\" style=\"font-family:Ubuntu\">Quando seu carro estiver sobre forte calor, ao entrar abra as janelas e dissipe o ar quente do interior antes de ligar o ar-condicionado. Isso ameniza a temperatura interna e n\u00e3o faz o sistema trabalhar mais intensamente, for\u00e7ando os componentes e comprometendo sua vida \u00fatil e tamb\u00e9m gerando um maior gasto de combust\u00edvel.<\/p>\n\n\n\n<h3 class=\"has-custom-font\" style=\"font-family:Ubuntu\"><strong>3. Use o bot\u00e3o de circula\u00e7\u00e3o com modera\u00e7\u00e3o<\/strong><\/h3>\n\n\n\n<p class=\"has-custom-font\" style=\"font-family:Ubuntu\">Ele serva para resfriar mais r\u00e1pido, n\u00e3o deve ser usado habitualmente, pois ele causa sobrecarga do aparelho ou satura\u00e7\u00e3o do ar no interior do carro.<\/p>\n\n\n\n<h3 class=\"has-custom-font\" style=\"font-family:Ubuntu\"><strong>4. Limpar e substituir os filtros periodicamente<\/strong><\/h3>\n\n\n\n<p class=\"has-custom-font\" style=\"font-family:Ubuntu\">N\u00e3o adianta, a limpeza \u00e9 o principal cuidado que devemos ter com o ar condicionado, pois \u00e9 a melhor maneira de manter o seu melhor funcionamento e tamb\u00e9m evitarmos problemas de sa\u00fade, apesar de estarmos em momento mais tranquilo da pandemia da covid-19, o v\u00edrus ainda esta por ai, por isso devemos sempre manter o ar-condicionado limpo.<\/p>\n\n\n\n<p class=\"has-custom-font\" style=\"font-family:Ubuntu\">Para voc\u00ea ter uma ideia do quanto a limpeza \u00e9 importante, saiba que o ac\u00famulo de poeira no equipamento \u00e9 o principal respons\u00e1vel pela obstru\u00e7\u00e3o dos canais em que o ar circula. Assim, com a circula\u00e7\u00e3o obstru\u00edda, o ar-condicionado perde consideravelmente sua capacidade de resfriamento.<\/p>\n\n\n\n<p class=\"has-custom-font\" style=\"font-family:Ubuntu\">Recomenda-se ent\u00e3o que os filtros sejam limpos a cada 15 dias com o aux\u00edlio de uma escova macia. Inclusive, durante a instala\u00e7\u00e3o do aparelho, o ideal \u00e9 escolher um local de f\u00e1cil acesso aos filtros. Caso as aletas estejam muito sujas, experimente limp\u00e1-las no sentido inverso do fluxo de ar, pois \u00e9 mais eficiente.<\/p>\n\n\n\n<p class=\"has-custom-font\" style=\"font-family:Ubuntu\">Caso aconte\u00e7a um descuido e voc\u00ea acabar deixando a sujeira acumular, nessas horas tamb\u00e9m \u00e9 poss\u00edvel contar com a ajuda de um t\u00e9cnico A limpeza profissional, inclusive, \u00e9 ainda mais eficaz para combater a prolifera\u00e7\u00e3o de bact\u00e9rias, v\u00edrus e fungos no equipamento.<\/p>\n\n\n\n<p class=\"has-custom-font\" style=\"font-family:Ubuntu\"><strong>5. Evite deixar portas e janelas abetas enquanto o ar estiver ligado<\/strong><\/p>\n\n\n\n<p class=\"has-custom-font\" style=\"font-family:Ubuntu\">Esse erro n\u00e3o devemos cometer em hip\u00f3tese alguma, pois isso al\u00e9m de ser um tremendo desperd\u00edcio de combust\u00edvel, comprometer\u00e1 ainda mais a vida \u00fatil do aparelho.<\/p>\n\n\n\n<p class=\"has-custom-font\" style=\"font-family:Ubuntu\">Isso porque, com o ambiente aberto, o aparelho precisar\u00e1 fazer muito mais esfor\u00e7o para trabalhar, o que gera um desgaste desnecess\u00e1rio na pe\u00e7a e um maior consumo energ\u00e9tico.<\/p>\n\n\n\n<p class=\"has-custom-font\" style=\"font-family:Ubuntu\">Por outro lado, quando o lugar em quest\u00e3o est\u00e1 devidamente fechado, o equipamento trabalhar\u00e1 com rendimento m\u00e1ximo, climatizando o local sem pesar a conta de energia el\u00e9trica no final do m\u00eas.<\/p>\n\n\n\n<p class=\"has-custom-font\" style=\"font-family:Ubuntu\">Curtiu as dicas? Diz pra gente como voc\u00ea cuida do ar-condicionado do seu carro. E nos siga em nossas redes sociais pra n\u00e3o perder nenhum conte\u00fado do mundo automotivo. Estamos no <a href=\"https:\/\/www.facebook.com\/grupomutuo\">Facebook <\/a>e <a href=\"https:\/\/www.instagram.com\/grupomutuo\/\">Instagram<\/a>.<\/p>\n\n\n\n<div class=\"is-layout-flex wp-block-buttons\">\n<div class=\"wp-block-button\"><a class=\"wp-block-button__link\" href=\"https:\/\/api.whatsapp.com\/send\/?phone=558420400705&amp;text&amp;type=phone_number&amp;app_absent=0\">Fale Conosco<\/a><\/div>\n<\/div>\n","protected":false},"excerpt":{"rendered":"<p>Cuidar do ar condicionado do ve\u00edculo nem sempre \u00e9 uma prioridade das pessoas, geralmente s\u00f3 lembramos que precisamos revisar no<\/p>\n","protected":false},"author":1,"featured_media":374,"comment_status":"open","ping_status":"open","sticky":false,"template":"","format":"standard","meta":{"_coblocks_attr":"Ubuntu,Ubuntu","_coblocks_dimensions":"","_coblocks_responsive_height":"","_coblocks_accordion_ie_support":""},"categories":[6],"tags":[],"_links":{"self":[{"href":"https:\/\/grupomutuo.com.br\/blog\/wp-json\/wp\/v2\/posts\/10"}],"collection":[{"href":"https:\/\/grupomutuo.com.br\/blog\/wp-json\/wp\/v2\/posts"}],"about":[{"href":"https:\/\/grupomutuo.com.br\/blog\/wp-json\/wp\/v2\/types\/post"}],"author":[{"embeddable":true,"href":"https:\/\/grupomutuo.com.br\/blog\/wp-json\/wp\/v2\/users\/1"}],"replies":[{"embeddable":true,"href":"https:\/\/grupomutuo.com.br\/blog\/wp-json\/wp\/v2\/comments?post=10"}],"version-history":[{"count":8,"href":"https:\/\/grupomutuo.com.br\/blog\/wp-json\/wp\/v2\/posts\/10\/revisions"}],"predecessor-version":[{"id":377,"href":"https:\/\/grupomutuo.com.br\/blog\/wp-json\/wp\/v2\/posts\/10\/revisions\/377"}],"wp:featuredmedia":[{"embeddable":true,"href":"https:\/\/grupomutuo.com.br\/blog\/wp-json\/wp\/v2\/media\/374"}],"wp:attachment":[{"href":"https:\/\/grupomutuo.com.br\/blog\/wp-json\/wp\/v2\/media?parent=10"}],"wp:term":[{"taxonomy":"category","embeddable":true,"href":"https:\/\/grupomutuo.com.br\/blog\/wp-json\/wp\/v2\/categories?post=10"},{"taxonomy":"post_tag","embeddable":true,"href":"https:\/\/grupomutuo.com.br\/blog\/wp-json\/wp\/v2\/tags?post=10"}],"curies":[{"name":"wp","href":"https:\/\/api.w.org\/{rel}","templated":true}]}}